{"id":281,"date":"2010-06-01T20:20:33","date_gmt":"2010-06-02T00:20:33","guid":{"rendered":"http:\/\/kanata.qpirgmcgill.org\/?p=281"},"modified":"2011-01-03T20:17:09","modified_gmt":"2011-01-04T01:17:09","slug":"revisioning-the-americas-through-indigenous-cinema-june-17-18-19","status":"publish","type":"post","link":"http:\/\/qpirgmcgill.org\/kanata\/revisioning-the-americas-through-indigenous-cinema-june-17-18-19\/","title":{"rendered":"Revisioning the Americas Through Indigenous Cinema &#8211; June 17, 18, 19"},"content":{"rendered":"<p>On behalf of Claudine Cyr et Isabelle St-Amand, organizers of the event at the GIRA:<\/p>\n<h3>June 17-19 &#8211; Indigenous Cinema \u2013 conferences, round table discussions, panels\/forums &#8211; Festival Pr\u00e9sence autochtone (Montr\u00e9al + Kahnawake)<\/h3>\n<p>Hi,<\/p>\n<p>We are pleased to invite you to the 2<sup>nd<\/sup> edition of\u00a0<em>REVISIONING THE AMERICAS THROUGH INDIGENOUS CINEMA<\/em> that will be held in\u00a0<strong>Montreal and Kahnawake <\/strong>on<strong> June 17, 18 and 19<sup>th<\/sup> 2010<\/strong> as part of the annual\u00a0<em>First People\u2019s Film Festival Pr\u00e9sence autochtone<\/em>.<\/p>\n<p>The event aims to create a space for\u00a0<strong>Native filmmakers\/videomakers, distributors, producers, scholars as well as people from local indigenous communities<\/strong> to meet and discuss in order to bring about a collaborative reflection on Indigenous cinema in the Americas. Our 2<sup>nd<\/sup> edition will commemorate the\u00a0<strong>20<sup>th<\/sup> anniversary of the Oka crisis of 1990<\/strong> by proposing activities on the role of film in this significant event.<\/p>\n<p><strong>Conferences, round table discussions and panels\/forums<\/strong> with\u00a0Alanis Obomsawin (<em>filmmaker<\/em>, Canada), Elizabeth Weatherford (Smithsonian Museum of the American Indian), Lorna Roth (U. Concordia), Mich\u00e8le Rouleau (<em>producer<\/em>, Canada), Reaghan Tarbell (<em>filmmaker<\/em>, Etats-Unis),\u00a0Leire Fern\u00e1ndez (UNESCO, Cuba), Kenneth Deer (<em>The Eastern Door<\/em>, Kahnawake) and other guests.<\/p>\n<p><strong>Free admission! With simultaneous translation! <\/strong><\/p>\n<p><strong>Detailed program and bus info soon available at:<\/strong><\/p>\n<p><a href=\"http:\/\/www.gira.info\/\" target=\"_blank\">www.gira.info<\/a><\/p>\n<p><a href=\"http:\/\/www.gira.info\/en\/revisioning-the-americas\" target=\"_blank\">http:\/\/www.gira.info\/en\/revisioning-the-americas<\/a><\/p>\n<p>Hope to see you all there!<\/p>\n<h3>17-19 juin &#8211; Cin\u00e9ma autochtone\u00a0\u00a0\u2013 conf\u00e9rences, tables rondes et forums &#8211; Festival Pr\u00e9sence autochtone (Montr\u00e9al + Kahnawake)<\/h3>\n<p>Bonjour,<\/p>\n<p>Nous souhaitons vous annoncer la tenue de la 2<sup>\u00e8me<\/sup> \u00e9dition de\u00a0<em>REGARDS AUTOCHTONES SUR LES AM\u00c9RIQUES, <\/em>les 17, 18 et 19 juin 2010, \u00e0 Montr\u00e9al et \u00e0 Kahnawake, dans le cadre du festival\u00a0<em>Pr\u00e9sence autochtone<\/em>.<\/p>\n<p>L\u2019\u00e9v\u00e9nement rassemblera des\u00a0<strong>chercheurs universitaires, des cin\u00e9astes\/vid\u00e9astes, sc\u00e9naristes et producteurs autochtones, ainsi que gens des communaut\u00e9s autochtones locales<\/strong> afin d\u2019engager une r\u00e9flexion collaborative sur le cin\u00e9ma autochtone dans les Am\u00e9riques. Les journ\u00e9es \u00e0 Kahnawake souligneront le\u00a0<strong>20<sup>e<\/sup> anniversaire de la crise d\u2019Oka<\/strong> en proposant des discussions autour des films sur l\u2019\u00e9v\u00e9nement.<\/p>\n<p><strong> <\/strong><\/p>\n<p><strong>Conf\u00e9rences, tables rondes et forums<\/strong> avec Alanis Obomsawin (cin\u00e9aste, Canada), Elizabeth Weatherford (Smithsonian Museum of the American Indian), Lorna Roth (U. Concordia), Mich\u00e8le Rouleau (productrice, Canada), Reaghan Tarbell (cin\u00e9aste, Etats-Unis),\u00a0Leire Fern\u00e1ndez (UNESCO, Cuba), Kenneth Deer (<em>The Eastern Door<\/em>, Kahnawake) et autres invit\u00e9s.<\/p>\n<p><strong>Entr\u00e9e libre! Avec interpr\u00e9tation simultan\u00e9e!<\/strong><\/p>\n<p><strong>Programme d\u00e9taill\u00e9 et renseignements au\u00a0:<\/strong><\/p>\n<p><a href=\"http:\/\/www.gira.info\/\" target=\"_blank\">www.gira.info<\/a><\/p>\n<p><a href=\"http:\/\/www.gira.info\/fr\/regards-autochtones\/regards-2010\" target=\"_blank\">http:\/\/www.gira.info\/fr\/regards-autochtones\/regards-2010<\/a><\/p>\n<p>Au plaisir de vous y voir!<\/p>\n<p>Claudine Cyr et Isabelle St-Amand, organisatrices de l\u2019\u00e9v\u00e9nement au GIRA<\/p>\n","protected":false},"excerpt":{"rendered":"<p>On behalf of Claudine Cyr et Isabelle St-Amand, organizers of the event at the GIRA: June 17-19 &#8211; Indigenous Cinema \u2013 conferences, round table discussions, panels\/forums &#8211; Festival Pr\u00e9sence autochtone (Montr\u00e9al + Kahnawake) Hi, We are pleased to invite you to the 2nd edition of\u00a0REVISIONING THE AMERICAS THROUGH INDIGENOUS CINEMA that will be held in\u00a0Montreal [&hellip;]<\/p>\n","protected":false},"author":16,"featured_media":0,"comment_status":"closed","ping_status":"open","sticky":false,"template":"","format":"standard","meta":{"footnotes":""},"categories":[39],"tags":[],"class_list":["post-281","post","type-post","status-publish","format-standard","hentry","category-events","post-preview"],"_links":{"self":[{"href":"http:\/\/qpirgmcgill.org\/kanata\/wp-json\/wp\/v2\/posts\/281","targetHints":{"allow":["GET"]}}],"collection":[{"href":"http:\/\/qpirgmcgill.org\/kanata\/wp-json\/wp\/v2\/posts"}],"about":[{"href":"http:\/\/qpirgmcgill.org\/kanata\/wp-json\/wp\/v2\/types\/post"}],"author":[{"embeddable":true,"href":"http:\/\/qpirgmcgill.org\/kanata\/wp-json\/wp\/v2\/users\/16"}],"replies":[{"embeddable":true,"href":"http:\/\/qpirgmcgill.org\/kanata\/wp-json\/wp\/v2\/comments?post=281"}],"version-history":[{"count":12,"href":"http:\/\/qpirgmcgill.org\/kanata\/wp-json\/wp\/v2\/posts\/281\/revisions"}],"predecessor-version":[{"id":373,"href":"http:\/\/qpirgmcgill.org\/kanata\/wp-json\/wp\/v2\/posts\/281\/revisions\/373"}],"wp:attachment":[{"href":"http:\/\/qpirgmcgill.org\/kanata\/wp-json\/wp\/v2\/media?parent=281"}],"wp:term":[{"taxonomy":"category","embeddable":true,"href":"http:\/\/qpirgmcgill.org\/kanata\/wp-json\/wp\/v2\/categories?post=281"},{"taxonomy":"post_tag","embeddable":true,"href":"http:\/\/qpirgmcgill.org\/kanata\/wp-json\/wp\/v2\/tags?post=281"}],"curies":[{"name":"wp","href":"https:\/\/api.w.org\/{rel}","templated":true}]}}