{"id":537,"date":"2011-07-15T11:31:42","date_gmt":"2011-07-15T15:31:42","guid":{"rendered":"http:\/\/kanata.qpirgmcgill.org\/?p=537"},"modified":"2011-08-29T21:07:09","modified_gmt":"2011-08-30T01:07:09","slug":"event-revisioning-the-americas-through-indigenous-cinema","status":"publish","type":"post","link":"http:\/\/qpirgmcgill.org\/kanata\/event-revisioning-the-americas-through-indigenous-cinema\/","title":{"rendered":"Revisioning the Americas Through Indigenous Cinema &#8211; August 4th &amp; 5th"},"content":{"rendered":"<p style=\"text-align: center\"><a href=\"http:\/\/qpirgmcgill.org\/kanata\/wp-content\/uploads\/2011\/07\/Affiche_Regard2011.jpg\"><img loading=\"lazy\" decoding=\"async\" class=\"aligncenter size-full wp-image-539\" src=\"http:\/\/qpirgmcgill.org\/kanata\/wp-content\/uploads\/2011\/07\/Affiche_Regard2011.jpg\" alt=\"\" width=\"664\" height=\"1027\" srcset=\"http:\/\/qpirgmcgill.org\/kanata\/wp-content\/uploads\/2011\/07\/Affiche_Regard2011.jpg 1582w, http:\/\/qpirgmcgill.org\/kanata\/wp-content\/uploads\/2011\/07\/Affiche_Regard2011-194x300.jpg 194w, http:\/\/qpirgmcgill.org\/kanata\/wp-content\/uploads\/2011\/07\/Affiche_Regard2011-662x1024.jpg 662w\" sizes=\"auto, (max-width: 664px) 100vw, 664px\" \/><\/a><\/p>\n<p>&nbsp;<\/p>\n<p><strong>ANNONCE &#8211; ANNOUNCEMENT<\/strong>:\u00a0<strong>AUG. 4-5 AO\u00dbT<\/strong>\u00a0&#8211; Indigenous cin\u00e9ma autochtone \u2013 colloque\/conference \u2013 festival Pr\u00e9sence autochtone (<strong>Montr\u00e9al<\/strong>+\u00a0<strong>Kahnawake<\/strong>)<\/p>\n<p>&nbsp;<\/p>\n<p><strong><span style=\"text-decoration: underline\">(* * * * * ENGLISH BELOW * * * * *)<\/span><\/strong><\/p>\n<p>&nbsp;<\/p>\n<p>Bonjour,<\/p>\n<p>Nous souhaitons vous annoncer la tenue de la 3<sup>\u00e8me<\/sup>\u00a0\u00e9dition du colloque international\u00a0<em>REGARDS AUTOCHTONES SUR LES AM\u00c9RIQUES\u00a0<\/em>qui se tiendra<em>\u00a0<\/em>les 4 et 5 ao\u00fbt 2011, \u00e0\u00a0<strong>Montr\u00e9al<\/strong>\u00a0et \u00e0\u00a0<strong>Kahnawake<\/strong>, dans le cadre du festival\u00a0<em>Pr\u00e9sence autochtone<\/em>.<\/p>\n<p>L\u2019\u00e9v\u00e9nement collaboratif rassemblera\u00a0<strong>chercheurs universitaires<\/strong>,\u00a0<strong>cin\u00e9astes\/vid\u00e9astes et autres professionnels du cin\u00e9ma autochtone,<\/strong>\u00a0repr\u00e9sentants d\u2019organismes subventionnaires et gens des communaut\u00e9s autochtones locales dans le but d\u2019engager une r\u00e9flexion collaborative sur le cin\u00e9ma autochtone dans les Am\u00e9riques.\u00a0<strong>Des<\/strong>\u00a0<strong>conf\u00e9rences et des tables rondes<\/strong>seront l\u2019occasion de chercher \u00e0 mieux comprendre le r\u00f4le des exp\u00e9riences et des regards cin\u00e9matographiques autochtones dans ce que sont et ce que peuvent devenir les Am\u00e9riques.<\/p>\n<p>Avec\u00a0<strong>Yves Sioui Durand<\/strong>\u00a0(r\u00e9alisateur),\u00a0<strong>Reaghan Tarbell<\/strong>\u00a0(documentariste),<strong>Dale Montour<\/strong>\u00a0(cin\u00e9aste et producteur),\u00a0<strong>Amalia Cordova<\/strong>\u00a0(New York University),\u00a0<strong>Konwennohon Delaronde\u00a0<\/strong>(cin\u00e9aste),\u00a0<strong>Lorna Roth<\/strong>\u00a0(Universit\u00e9 Concordia),\u00a0<strong>No\u00ebl Habel<\/strong>\u00a0(Conseil des arts du Canada),\u00a0<strong>Kakwiranoron Cook<\/strong>(documentariste),\u00a0<strong>Bruno Cornellier<\/strong>\u00a0(Universit\u00e9 Concordia)\u00a0<strong>Tracey Deer<\/strong>(documentariste)\u00a0<strong>Chris Bose<\/strong>\u00a0(r\u00e9alisateur) et autres invit\u00e9s.<\/p>\n<p><strong>\u00a0<\/strong><\/p>\n<p><strong>Entr\u00e9e libre! Avec interpr\u00e9tation simultan\u00e9e!<\/strong><\/p>\n<p>Service de navette offert entre Montr\u00e9al et Kahnawake.<\/p>\n<p><strong>\u00a0<\/strong><\/p>\n<p><strong>RENSEIGNEMENTS:\u00a0<\/strong><span style=\"color: #0000ff\"><a href=\"http:\/\/www.gira.info\/\" rel=\"nofollow\" target=\"_blank\"><span style=\"color: #0000ff\">www.gira.info<\/span><\/a><\/span><\/p>\n<p>Au plaisir de vous y voir!<\/p>\n<p>Claudine Cyr et Isabelle St-Amand, organisatrices de l\u2019\u00e9v\u00e9nement au GIRA<\/p>\n<div><span style=\"font-family: arial;font-size: small\"><br \/>\n<\/span><\/div>\n<p><strong>* * *\u00a0 * * * * *\u00a0 ENGLISH * \u00a0* * * * * * *\u00a0<\/strong><\/p>\n<p>&nbsp;<\/p>\n<p>August 4-5th &#8211; Indigenous Cinema \u2013 conferences and round table discussions &#8211; Festival Pr\u00e9sence autochtone (Montr\u00e9al + Kahnawake)<\/p>\n<p>&nbsp;<\/p>\n<p>Hi,<\/p>\n<p>We are pleased to invite you to the 3<sup>nd<\/sup>\u00a0edition of\u00a0<em>REVISIONING THE AMERICAS THROUGH INDIGENOUS CINEMA<\/em>\u00a0that will be held in\u00a0<strong>Montreal and Kahnawake\u00a0<\/strong>on<strong>\u00a0August 4<sup>th<\/sup>\u00a0and 5<sup>th<\/sup>\u00a02011<\/strong>\u00a0as part of the annual\u00a0<em>First People\u2019s Film Festival Pr\u00e9sence autochtone<\/em>.<\/p>\n<p>The event aims to create a space for\u00a0<strong>Indigenous filmmakers\/videomakers, distributors, producers, scholars<\/strong>,<strong><\/strong>representatives from funding organisms as well as people from local indigenous communities\u00a0to meet and discuss in order to bring about a collaborative reflection on Indigenous cinema in the Americas. Conferences and panel discussions\u00a0will offer an opportunity to reach a greater understanding of the role of Indigenous film experiences and perspectives in what are, and what can become, the Americas.<\/p>\n<p>With\u00a0<strong>Reaghan Tarbell<\/strong>\u00a0(filmmaker),\u00a0<strong>Yves Sioui Durand<\/strong>\u00a0(filmmaker),\u00a0<strong>Dale Montour<\/strong>\u00a0(filmmaker and producer),\u00a0<strong>Amalia Cordova<\/strong>\u00a0(New York University),<strong>Konwennohon Delaronde\u00a0<\/strong>(filmmaker),\u00a0<strong>No\u00ebl Habel<\/strong>\u00a0(Canada Council for the Arts),\u00a0<strong>Lorna Roth<\/strong>\u00a0(Concordia\u00a0University),\u00a0<strong>Kakwiranoron Cook<\/strong>\u00a0(filmmaker),<strong>Bruno Cornellier<\/strong>\u00a0(Concordia University),\u00a0<strong>Tracey Deer<\/strong>\u00a0(filmmaker),\u00a0<strong>Chris Bose<\/strong>\u00a0(filmmaker) and other guests.<\/p>\n<p>&nbsp;<\/p>\n<p><strong>Free admission! With simultaneous translation!<\/strong><\/p>\n<p>Bus shuttle service offered between Montreal and Kahnawake.<\/p>\n<p>&nbsp;<\/p>\n<p><strong>INFORMATION:\u00a0<\/strong><span style=\"color: #0000ff\"><a href=\"http:\/\/www.gira.info\/\" rel=\"nofollow\" target=\"_blank\"><span style=\"color: #0000ff\">www.gira.info<\/span><\/a><\/span><\/p>\n<p>Hope to see you all there!<\/p>\n<p>Claudine Cyr et Isabelle St-Amand, organizers of the event at the GIRA<\/p>\n","protected":false},"excerpt":{"rendered":"<p>&nbsp; ANNONCE &#8211; ANNOUNCEMENT:\u00a0AUG. 4-5 AO\u00dbT\u00a0&#8211; Indigenous cin\u00e9ma autochtone \u2013 colloque\/conference \u2013 festival Pr\u00e9sence autochtone (Montr\u00e9al+\u00a0Kahnawake) &nbsp; (* * * * * ENGLISH BELOW * * * * *) &nbsp; Bonjour, Nous souhaitons vous annoncer la tenue de la 3\u00e8me\u00a0\u00e9dition du colloque international\u00a0REGARDS AUTOCHTONES SUR LES AM\u00c9RIQUES\u00a0qui se tiendra\u00a0les 4 et 5 ao\u00fbt 2011, \u00e0\u00a0Montr\u00e9al\u00a0et [&hellip;]<\/p>\n","protected":false},"author":16,"featured_media":0,"comment_status":"closed","ping_status":"open","sticky":false,"template":"","format":"standard","meta":{"footnotes":""},"categories":[39],"tags":[],"class_list":["post-537","post","type-post","status-publish","format-standard","hentry","category-events","post-preview"],"_links":{"self":[{"href":"http:\/\/qpirgmcgill.org\/kanata\/wp-json\/wp\/v2\/posts\/537","targetHints":{"allow":["GET"]}}],"collection":[{"href":"http:\/\/qpirgmcgill.org\/kanata\/wp-json\/wp\/v2\/posts"}],"about":[{"href":"http:\/\/qpirgmcgill.org\/kanata\/wp-json\/wp\/v2\/types\/post"}],"author":[{"embeddable":true,"href":"http:\/\/qpirgmcgill.org\/kanata\/wp-json\/wp\/v2\/users\/16"}],"replies":[{"embeddable":true,"href":"http:\/\/qpirgmcgill.org\/kanata\/wp-json\/wp\/v2\/comments?post=537"}],"version-history":[{"count":8,"href":"http:\/\/qpirgmcgill.org\/kanata\/wp-json\/wp\/v2\/posts\/537\/revisions"}],"predecessor-version":[{"id":547,"href":"http:\/\/qpirgmcgill.org\/kanata\/wp-json\/wp\/v2\/posts\/537\/revisions\/547"}],"wp:attachment":[{"href":"http:\/\/qpirgmcgill.org\/kanata\/wp-json\/wp\/v2\/media?parent=537"}],"wp:term":[{"taxonomy":"category","embeddable":true,"href":"http:\/\/qpirgmcgill.org\/kanata\/wp-json\/wp\/v2\/categories?post=537"},{"taxonomy":"post_tag","embeddable":true,"href":"http:\/\/qpirgmcgill.org\/kanata\/wp-json\/wp\/v2\/tags?post=537"}],"curies":[{"name":"wp","href":"https:\/\/api.w.org\/{rel}","templated":true}]}}